{"id":133,"date":"2020-10-30T14:12:46","date_gmt":"2020-10-30T13:12:46","guid":{"rendered":"https:\/\/djk-hiltrop.com\/inline-skating\/?p=133"},"modified":"2020-10-30T14:21:13","modified_gmt":"2020-10-30T13:21:13","slug":"corona-auszeit-fuer-den-november","status":"publish","type":"post","link":"https:\/\/djk-hiltrop.com\/inline-skating\/2020\/10\/30\/corona-auszeit-fuer-den-november\/","title":{"rendered":"Corona Auszeit f\u00fcr den November"},"content":{"rendered":"\t\t<div data-elementor-type=\"wp-post\" data-elementor-id=\"133\" class=\"elementor elementor-133\" data-elementor-post-type=\"post\">\n\t\t\t\t\t\t<section class=\"elementor-section elementor-top-section elementor-element elementor-element-33559723 elementor-section-content-middle elementor-section-boxed elementor-section-height-default elementor-section-height-default\" data-id=\"33559723\" data-element_type=\"section\" data-e-type=\"section\">\n\t\t\t\t\t\t<div class=\"elementor-container elementor-column-gap-no\">\n\t\t\t\t\t<div class=\"elementor-column elementor-col-100 elementor-top-column elementor-element elementor-element-7ff71dab\" data-id=\"7ff71dab\" data-element_type=\"column\" data-e-type=\"column\">\n\t\t\t<div class=\"elementor-widget-wrap elementor-element-populated\">\n\t\t\t\t\t\t<div class=\"elementor-element elementor-element-614cef0d elementor-widget elementor-widget-heading\" data-id=\"614cef0d\" data-element_type=\"widget\" data-e-type=\"widget\" data-widget_type=\"heading.default\">\n\t\t\t\t<div class=\"elementor-widget-container\">\n\t\t\t\t\t<h4 class=\"elementor-heading-title elementor-size-default\">Shut Down Light<\/h4>\t\t\t\t<\/div>\n\t\t\t\t<\/div>\n\t\t\t\t<div class=\"elementor-element elementor-element-1dd6fc4f elementor-widget elementor-widget-text-editor\" data-id=\"1dd6fc4f\" data-element_type=\"widget\" data-e-type=\"widget\" data-widget_type=\"text-editor.default\">\n\t\t\t\t<div class=\"elementor-widget-container\">\n\t\t\t\t\t\t\t\t\t<p>Liebe Vereinsvertreterinnen,<\/p><p>liebe Vereinsvertreter,<\/p><p>\u00a0<\/p><p>sicherlich habt Ihr der Berichterstattung entnehmen k\u00f6nnen, dass der Stadtsportbund aufgrund der Schlie\u00dfung s\u00e4mtlicher Sportst\u00e4tten in unserer Stadt Anfang dieser Woche in intensive Gespr\u00e4che mit der Verwaltung sowie dem Krisenstab eingetreten ist. Ziel war es, den Lockdown im Sport r\u00fcckg\u00e4ngig zu machen und die Sportanlagen wieder zu \u00f6ffnen.<\/p><p>\u00a0<\/p><p>Das Ergebnis unserer Anstrengungen war sehr ermutigend. So war geplant, in einem ersten Schritt die Freiluftanlagen f\u00fcr den Vereinssport zu \u00f6ffnen. Unmittelbar im Anschluss sollten die Bedingungen f\u00fcr die \u00d6ffnung der Sporthallen und Hallenb\u00e4der final gekl\u00e4rt werden. Zusammengefasst: der Sport in unserer Stadt sollte wieder schrittweise, aber schnell erm\u00f6glicht werden.<\/p>\t\t\t\t\t\t\t\t<\/div>\n\t\t\t\t<\/div>\n\t\t\t\t<div class=\"elementor-element elementor-element-4f3d286a elementor-align-center elementor-widget elementor-widget-button\" data-id=\"4f3d286a\" data-element_type=\"widget\" data-e-type=\"widget\" data-widget_type=\"button.default\">\n\t\t\t\t<div class=\"elementor-widget-container\">\n\t\t\t\t\t\t\t\t\t<div class=\"elementor-button-wrapper\">\n\t\t\t\t\t<a class=\"elementor-button elementor-button-link elementor-size-sm elementor-animation-grow\" href=\"https:\/\/www.sport-in-bochum.de\/nachrichten\/detailansicht\/lockdown-legt-auch-den-sport-lahm:34661\">\n\t\t\t\t\t\t<span class=\"elementor-button-content-wrapper\">\n\t\t\t\t\t\t\t\t\t<span class=\"elementor-button-text\">More<\/span>\n\t\t\t\t\t<\/span>\n\t\t\t\t\t<\/a>\n\t\t\t\t<\/div>\n\t\t\t\t\t\t\t\t<\/div>\n\t\t\t\t<\/div>\n\t\t\t\t\t<\/div>\n\t\t<\/div>\n\t\t\t\t\t<\/div>\n\t\t<\/section>\n\t\t\t\t<\/div>\n\t\t","protected":false},"excerpt":{"rendered":"<p>Shut Down Light Liebe Vereinsvertreterinnen, liebe Vereinsvertreter, \u00a0 sicherlich habt Ihr der Berichterstattung entnehmen k\u00f6nnen, dass der Stadtsportbund aufgrund der Schlie\u00dfung s\u00e4mtlicher Sportst\u00e4tten in unserer Stadt Anfang dieser Woche in intensive Gespr\u00e4che mit der Verwaltung sowie dem Krisenstab eingetreten ist. Ziel war es, den Lockdown im Sport r\u00fcckg\u00e4ngig zu machen[&#8230;]<\/p>\n<p> <a class=\"continue-reading-link\" href=\"https:\/\/djk-hiltrop.com\/inline-skating\/2020\/10\/30\/corona-auszeit-fuer-den-november\/\"><span>Weiterlesen<\/span><i class=\"crycon-right-dir\"><\/i><\/a> <\/p>\n","protected":false},"author":10,"featured_media":0,"comment_status":"open","ping_status":"open","sticky":false,"template":"","format":"standard","meta":{"footnotes":""},"categories":[1],"tags":[],"class_list":["post-133","post","type-post","status-publish","format-standard","hentry","category-allgemein"],"_links":{"self":[{"href":"https:\/\/djk-hiltrop.com\/inline-skating\/wp-json\/wp\/v2\/posts\/133","targetHints":{"allow":["GET"]}}],"collection":[{"href":"https:\/\/djk-hiltrop.com\/inline-skating\/wp-json\/wp\/v2\/posts"}],"about":[{"href":"https:\/\/djk-hiltrop.com\/inline-skating\/wp-json\/wp\/v2\/types\/post"}],"author":[{"embeddable":true,"href":"https:\/\/djk-hiltrop.com\/inline-skating\/wp-json\/wp\/v2\/users\/10"}],"replies":[{"embeddable":true,"href":"https:\/\/djk-hiltrop.com\/inline-skating\/wp-json\/wp\/v2\/comments?post=133"}],"version-history":[{"count":4,"href":"https:\/\/djk-hiltrop.com\/inline-skating\/wp-json\/wp\/v2\/posts\/133\/revisions"}],"predecessor-version":[{"id":138,"href":"https:\/\/djk-hiltrop.com\/inline-skating\/wp-json\/wp\/v2\/posts\/133\/revisions\/138"}],"wp:attachment":[{"href":"https:\/\/djk-hiltrop.com\/inline-skating\/wp-json\/wp\/v2\/media?parent=133"}],"wp:term":[{"taxonomy":"category","embeddable":true,"href":"https:\/\/djk-hiltrop.com\/inline-skating\/wp-json\/wp\/v2\/categories?post=133"},{"taxonomy":"post_tag","embeddable":true,"href":"https:\/\/djk-hiltrop.com\/inline-skating\/wp-json\/wp\/v2\/tags?post=133"}],"curies":[{"name":"wp","href":"https:\/\/api.w.org\/{rel}","templated":true}]}}